{"id":1871,"date":"2019-09-09T17:18:09","date_gmt":"2019-09-09T17:18:09","guid":{"rendered":"http:\/\/mabaonline.com\/blog\/?p=1871"},"modified":"2019-09-09T17:18:09","modified_gmt":"2019-09-09T17:18:09","slug":"los-imanes-madera-la-nevera-imprescindibles","status":"publish","type":"post","link":"https:\/\/mabaonline.com\/blog\/los-imanes-madera-la-nevera-imprescindibles\/","title":{"rendered":"Los imanes en madera de la nevera, \u00bfpor qu\u00e9 son imprescindibles?"},"content":{"rendered":"<p>No pienses que los <strong>imanes para neveras<\/strong> son nocivos para la salud, como hasta hace poco corr\u00eda semejante bulo en la red. Est\u00e1 claro que son elementos decorativos indispensables, \u00a1y m\u00e1s si son en madera! Sabemos que muchas personas coleccionan estos accesorios. \u00bfTe has planteado empezar tu propia colecci\u00f3n?<\/p>\n<h2>Coleccionar imanes en madera personalizados<\/h2>\n<p>All\u00e1 donde vayas, \u00bfqu\u00e9 has pensado en regalar a esa persona que tanto te espera en casa? S\u00ed, nos referimos a los <strong>recuerdos<\/strong> o <em>souvenirs<\/em>. Es posible que cuando viajes se te ocurra llevar un detalle del lugar a donde has ido a tus seres queridos. Uno de los regalos m\u00e1s frecuentes es el cl\u00e1sico im\u00e1n para la nevera. Verlo imantado en este electrodom\u00e9stico no solo recuerda al sitio que has visitado, sino tambi\u00e9n a ti, que has tenido el detalle de comprarlo.<\/p>\n<p>Si hacemos m\u00e1s hincapi\u00e9 en este tema, \u00bfsab\u00edas que hay imanes que pueden personalizarse? Si, por ejemplo, eres una empresa, puedes recompensar a algunos de tus fieles usuarios o clientes con unos imanes y el logotipo. Lo que m\u00e1s destacar\u00e1 es que este sea en madera, un material elegante, c\u00f3modo y vers\u00e1til que puede encandilar a m\u00e1s de uno. Recuerda que puedes a\u00f1adir un logotipo, un nombre o la marca de tu empresa directamente.<\/p>\n<p><img loading=\"lazy\" decoding=\"async\" class=\"wp-image-1872 aligncenter\" src=\"http:\/\/mabaonline.com\/blog\/wp-content\/uploads\/2019\/09\/imanes-nombre-publi-300x225.jpg\" alt=\"\" width=\"355\" height=\"266\" srcset=\"https:\/\/mabaonline.com\/blog\/wp-content\/uploads\/2019\/09\/imanes-nombre-publi-300x225.jpg 300w, https:\/\/mabaonline.com\/blog\/wp-content\/uploads\/2019\/09\/imanes-nombre-publi-768x575.jpg 768w, https:\/\/mabaonline.com\/blog\/wp-content\/uploads\/2019\/09\/imanes-nombre-publi-1024x767.jpg 1024w, https:\/\/mabaonline.com\/blog\/wp-content\/uploads\/2019\/09\/imanes-nombre-publi-1440x1078.jpg 1440w, https:\/\/mabaonline.com\/blog\/wp-content\/uploads\/2019\/09\/imanes-nombre-publi.jpg 1880w\" sizes=\"auto, (max-width: 355px) 100vw, 355px\" \/><\/p>\n<p>Pero, estos<strong> <a href=\"https:\/\/mabaonline.com\/imanes-nombre-publi-p-438.html\">imanes para nevera <\/a><\/strong>no solo sirven para las empresas. Si eres un particular, puedes hacer fant\u00e1sticos regalos o improvisar algunos otros. Si, por ejemplo, has visitado recientemente un lugar y te has olvidado de comprar uno para tus familiares, tambi\u00e9n puedes mandar a pedirlo directamente, con un dise\u00f1o sencillo y el nombre del lugar.<\/p>\n<p>Por otro lado, una opci\u00f3n m\u00e1s que interesante es reunir en cada im\u00e1n el nombre de cada uno de tus familiares. Col\u00f3calos en la nevera (junto a una fotograf\u00eda de cada uno de ellos, por ejemplo) y tendr\u00e1s un electrodom\u00e9stico decorado de una forma original, \u00a1qu\u00edtale la frialdad a tu frigor\u00edfico!<\/p>\n<p>Los <strong>imanes en la nevera<\/strong> son algo m\u00e1s que decorativos, ya que pueden ayudarte a recordar muchos momentos, vivencias y experiencias. Lo mejor es personalizarlos. Recuerad que tambi\u00e9n sirven para fijar papeles o documentos a recordar, como la lista de la compra, las citas m\u00e9dicas o simplemente dejar un mensaje rom\u00e1ntico para tu pareja.<\/p>\n<p>En Mabaonline dispones de numerosos imanes en madera para que los personalices al gusto.<\/p>\n<p>&nbsp;<\/p>\n","protected":false},"excerpt":{"rendered":"<p>No pienses que los imanes para neveras son nocivos para la salud, como hasta hace poco corr\u00eda semejante bulo en la red. Est\u00e1 claro que son elementos decorativos indispensables, \u00a1y m\u00e1s si son en madera! Sabemos que muchas personas coleccionan estos accesorios. \u00bfTe has planteado empezar tu propia colecci\u00f3n? Coleccionar &hellip;<\/p>\n","protected":false},"author":3,"featured_media":1873,"comment_status":"open","ping_status":"closed","sticky":false,"template":"","format":"standard","meta":{"footnotes":""},"categories":[2],"tags":[415,414],"class_list":["post-1871","post","type-post","status-publish","format-standard","has-post-thumbnail","hentry","category-articulos-de-madera","tag-imanes-en-madera","tag-imanes-nevera"],"yoast_head":"<!-- This site is optimized with the Yoast SEO plugin v27.0 - https:\/\/yoast.com\/product\/yoast-seo-wordpress\/ -->\n<title>Los imanes en madera de la nevera, \u00bfpor qu\u00e9 son imprescindibles? - Blog Mabaonline<\/title>\n<meta name=\"robots\" content=\"index, follow, max-snippet:-1, max-image-preview:large, max-video-preview:-1\" \/>\n<link rel=\"canonical\" href=\"https:\/\/mabaonline.com\/blog\/los-imanes-madera-la-nevera-imprescindibles\/\" \/>\n<meta property=\"og:locale\" content=\"es_ES\" \/>\n<meta property=\"og:type\" content=\"article\" \/>\n<meta property=\"og:title\" content=\"Los imanes en madera de la nevera, \u00bfpor qu\u00e9 son imprescindibles? - Blog Mabaonline\" \/>\n<meta property=\"og:description\" content=\"No pienses que los imanes para neveras son nocivos para la salud, como hasta hace poco corr\u00eda semejante bulo en la red. Est\u00e1 claro que son elementos decorativos indispensables, \u00a1y m\u00e1s si son en madera! Sabemos que muchas personas coleccionan estos accesorios. \u00bfTe has planteado empezar tu propia colecci\u00f3n? Coleccionar &hellip;\" \/>\n<meta property=\"og:url\" content=\"https:\/\/mabaonline.com\/blog\/los-imanes-madera-la-nevera-imprescindibles\/\" \/>\n<meta property=\"og:site_name\" content=\"Blog Mabaonline\" \/>\n<meta property=\"article:published_time\" content=\"2019-09-09T17:18:09+00:00\" \/>\n<meta property=\"og:image\" content=\"https:\/\/mabaonline.com\/blog\/wp-content\/uploads\/2019\/09\/imanes-nombre-publi-1.jpg\" \/>\n\t<meta property=\"og:image:width\" content=\"1880\" \/>\n\t<meta property=\"og:image:height\" content=\"1408\" \/>\n\t<meta property=\"og:image:type\" content=\"image\/jpeg\" \/>\n<meta name=\"author\" content=\"social\" \/>\n<meta name=\"twitter:card\" content=\"summary_large_image\" \/>\n<meta name=\"twitter:label1\" content=\"Escrito por\" \/>\n\t<meta name=\"twitter:data1\" content=\"social\" \/>\n\t<meta name=\"twitter:label2\" content=\"Tiempo de lectura\" \/>\n\t<meta name=\"twitter:data2\" content=\"2 minutos\" \/>\n<script type=\"application\/ld+json\" class=\"yoast-schema-graph\">{\"@context\":\"https:\/\/schema.org\",\"@graph\":[{\"@type\":\"Article\",\"@id\":\"https:\/\/mabaonline.com\/blog\/los-imanes-madera-la-nevera-imprescindibles\/#article\",\"isPartOf\":{\"@id\":\"https:\/\/mabaonline.com\/blog\/los-imanes-madera-la-nevera-imprescindibles\/\"},\"author\":{\"name\":\"social\",\"@id\":\"https:\/\/mabaonline.com\/blog\/#\/schema\/person\/2cc643ffa007b11d201fa7df36cdee5d\"},\"headline\":\"Los imanes en madera de la nevera, \u00bfpor qu\u00e9 son imprescindibles?\",\"datePublished\":\"2019-09-09T17:18:09+00:00\",\"mainEntityOfPage\":{\"@id\":\"https:\/\/mabaonline.com\/blog\/los-imanes-madera-la-nevera-imprescindibles\/\"},\"wordCount\":429,\"commentCount\":0,\"publisher\":{\"@id\":\"https:\/\/mabaonline.com\/blog\/#organization\"},\"image\":{\"@id\":\"https:\/\/mabaonline.com\/blog\/los-imanes-madera-la-nevera-imprescindibles\/#primaryimage\"},\"thumbnailUrl\":\"https:\/\/mabaonline.com\/blog\/wp-content\/uploads\/2019\/09\/imanes-nombre-publi-1.jpg\",\"keywords\":[\"imanes en madera\",\"imanes nevera\"],\"articleSection\":[\"Art\u00edculos de madera\"],\"inLanguage\":\"es\",\"potentialAction\":[{\"@type\":\"CommentAction\",\"name\":\"Comment\",\"target\":[\"https:\/\/mabaonline.com\/blog\/los-imanes-madera-la-nevera-imprescindibles\/#respond\"]}]},{\"@type\":\"WebPage\",\"@id\":\"https:\/\/mabaonline.com\/blog\/los-imanes-madera-la-nevera-imprescindibles\/\",\"url\":\"https:\/\/mabaonline.com\/blog\/los-imanes-madera-la-nevera-imprescindibles\/\",\"name\":\"Los imanes en madera de la nevera, \u00bfpor qu\u00e9 son imprescindibles? - Blog Mabaonline\",\"isPartOf\":{\"@id\":\"https:\/\/mabaonline.com\/blog\/#website\"},\"primaryImageOfPage\":{\"@id\":\"https:\/\/mabaonline.com\/blog\/los-imanes-madera-la-nevera-imprescindibles\/#primaryimage\"},\"image\":{\"@id\":\"https:\/\/mabaonline.com\/blog\/los-imanes-madera-la-nevera-imprescindibles\/#primaryimage\"},\"thumbnailUrl\":\"https:\/\/mabaonline.com\/blog\/wp-content\/uploads\/2019\/09\/imanes-nombre-publi-1.jpg\",\"datePublished\":\"2019-09-09T17:18:09+00:00\",\"breadcrumb\":{\"@id\":\"https:\/\/mabaonline.com\/blog\/los-imanes-madera-la-nevera-imprescindibles\/#breadcrumb\"},\"inLanguage\":\"es\",\"potentialAction\":[{\"@type\":\"ReadAction\",\"target\":[\"https:\/\/mabaonline.com\/blog\/los-imanes-madera-la-nevera-imprescindibles\/\"]}]},{\"@type\":\"ImageObject\",\"inLanguage\":\"es\",\"@id\":\"https:\/\/mabaonline.com\/blog\/los-imanes-madera-la-nevera-imprescindibles\/#primaryimage\",\"url\":\"https:\/\/mabaonline.com\/blog\/wp-content\/uploads\/2019\/09\/imanes-nombre-publi-1.jpg\",\"contentUrl\":\"https:\/\/mabaonline.com\/blog\/wp-content\/uploads\/2019\/09\/imanes-nombre-publi-1.jpg\",\"width\":1880,\"height\":1408},{\"@type\":\"BreadcrumbList\",\"@id\":\"https:\/\/mabaonline.com\/blog\/los-imanes-madera-la-nevera-imprescindibles\/#breadcrumb\",\"itemListElement\":[{\"@type\":\"ListItem\",\"position\":1,\"name\":\"Portada\",\"item\":\"https:\/\/mabaonline.com\/blog\/\"},{\"@type\":\"ListItem\",\"position\":2,\"name\":\"Los imanes en madera de la nevera, \u00bfpor qu\u00e9 son imprescindibles?\"}]},{\"@type\":\"WebSite\",\"@id\":\"https:\/\/mabaonline.com\/blog\/#website\",\"url\":\"https:\/\/mabaonline.com\/blog\/\",\"name\":\"Blog Mabaonline\",\"description\":\"Descubre \u200bt\u200bodas las cajas de madera\u200b, bolas, tiradores y art\u00edculos de madera  \u200bq\u200bue tenemos. \u00a1Crea, personaliza y dale vida a tus ideas!\",\"publisher\":{\"@id\":\"https:\/\/mabaonline.com\/blog\/#organization\"},\"potentialAction\":[{\"@type\":\"SearchAction\",\"target\":{\"@type\":\"EntryPoint\",\"urlTemplate\":\"https:\/\/mabaonline.com\/blog\/?s={search_term_string}\"},\"query-input\":{\"@type\":\"PropertyValueSpecification\",\"valueRequired\":true,\"valueName\":\"search_term_string\"}}],\"inLanguage\":\"es\"},{\"@type\":\"Organization\",\"@id\":\"https:\/\/mabaonline.com\/blog\/#organization\",\"name\":\"Blog Mabaonline\",\"url\":\"https:\/\/mabaonline.com\/blog\/\",\"logo\":{\"@type\":\"ImageObject\",\"inLanguage\":\"es\",\"@id\":\"https:\/\/mabaonline.com\/blog\/#\/schema\/logo\/image\/\",\"url\":\"https:\/\/mabaonline.com\/blog\/wp-content\/uploads\/2018\/05\/Submarca-tagline-276.png\",\"contentUrl\":\"https:\/\/mabaonline.com\/blog\/wp-content\/uploads\/2018\/05\/Submarca-tagline-276.png\",\"width\":276,\"height\":276,\"caption\":\"Blog Mabaonline\"},\"image\":{\"@id\":\"https:\/\/mabaonline.com\/blog\/#\/schema\/logo\/image\/\"}},{\"@type\":\"Person\",\"@id\":\"https:\/\/mabaonline.com\/blog\/#\/schema\/person\/2cc643ffa007b11d201fa7df36cdee5d\",\"name\":\"social\",\"image\":{\"@type\":\"ImageObject\",\"inLanguage\":\"es\",\"@id\":\"https:\/\/mabaonline.com\/blog\/#\/schema\/person\/image\/\",\"url\":\"https:\/\/secure.gravatar.com\/avatar\/51646ee17b32f8b6fec6eda15f4674f01730f506c8a2dbe16e25645aef507f2e?s=96&d=mm&r=g\",\"contentUrl\":\"https:\/\/secure.gravatar.com\/avatar\/51646ee17b32f8b6fec6eda15f4674f01730f506c8a2dbe16e25645aef507f2e?s=96&d=mm&r=g\",\"caption\":\"social\"},\"url\":\"https:\/\/mabaonline.com\/blog\/author\/social\/\"}]}<\/script>\n<!-- \/ Yoast SEO plugin. -->","yoast_head_json":{"title":"Los imanes en madera de la nevera, \u00bfpor qu\u00e9 son imprescindibles? - Blog Mabaonline","robots":{"index":"index","follow":"follow","max-snippet":"max-snippet:-1","max-image-preview":"max-image-preview:large","max-video-preview":"max-video-preview:-1"},"canonical":"https:\/\/mabaonline.com\/blog\/los-imanes-madera-la-nevera-imprescindibles\/","og_locale":"es_ES","og_type":"article","og_title":"Los imanes en madera de la nevera, \u00bfpor qu\u00e9 son imprescindibles? - Blog Mabaonline","og_description":"No pienses que los imanes para neveras son nocivos para la salud, como hasta hace poco corr\u00eda semejante bulo en la red. Est\u00e1 claro que son elementos decorativos indispensables, \u00a1y m\u00e1s si son en madera! Sabemos que muchas personas coleccionan estos accesorios. \u00bfTe has planteado empezar tu propia colecci\u00f3n? Coleccionar &hellip;","og_url":"https:\/\/mabaonline.com\/blog\/los-imanes-madera-la-nevera-imprescindibles\/","og_site_name":"Blog Mabaonline","article_published_time":"2019-09-09T17:18:09+00:00","og_image":[{"width":1880,"height":1408,"url":"https:\/\/mabaonline.com\/blog\/wp-content\/uploads\/2019\/09\/imanes-nombre-publi-1.jpg","type":"image\/jpeg"}],"author":"social","twitter_card":"summary_large_image","twitter_misc":{"Escrito por":"social","Tiempo de lectura":"2 minutos"},"schema":{"@context":"https:\/\/schema.org","@graph":[{"@type":"Article","@id":"https:\/\/mabaonline.com\/blog\/los-imanes-madera-la-nevera-imprescindibles\/#article","isPartOf":{"@id":"https:\/\/mabaonline.com\/blog\/los-imanes-madera-la-nevera-imprescindibles\/"},"author":{"name":"social","@id":"https:\/\/mabaonline.com\/blog\/#\/schema\/person\/2cc643ffa007b11d201fa7df36cdee5d"},"headline":"Los imanes en madera de la nevera, \u00bfpor qu\u00e9 son imprescindibles?","datePublished":"2019-09-09T17:18:09+00:00","mainEntityOfPage":{"@id":"https:\/\/mabaonline.com\/blog\/los-imanes-madera-la-nevera-imprescindibles\/"},"wordCount":429,"commentCount":0,"publisher":{"@id":"https:\/\/mabaonline.com\/blog\/#organization"},"image":{"@id":"https:\/\/mabaonline.com\/blog\/los-imanes-madera-la-nevera-imprescindibles\/#primaryimage"},"thumbnailUrl":"https:\/\/mabaonline.com\/blog\/wp-content\/uploads\/2019\/09\/imanes-nombre-publi-1.jpg","keywords":["imanes en madera","imanes nevera"],"articleSection":["Art\u00edculos de madera"],"inLanguage":"es","potentialAction":[{"@type":"CommentAction","name":"Comment","target":["https:\/\/mabaonline.com\/blog\/los-imanes-madera-la-nevera-imprescindibles\/#respond"]}]},{"@type":"WebPage","@id":"https:\/\/mabaonline.com\/blog\/los-imanes-madera-la-nevera-imprescindibles\/","url":"https:\/\/mabaonline.com\/blog\/los-imanes-madera-la-nevera-imprescindibles\/","name":"Los imanes en madera de la nevera, \u00bfpor qu\u00e9 son imprescindibles? - Blog Mabaonline","isPartOf":{"@id":"https:\/\/mabaonline.com\/blog\/#website"},"primaryImageOfPage":{"@id":"https:\/\/mabaonline.com\/blog\/los-imanes-madera-la-nevera-imprescindibles\/#primaryimage"},"image":{"@id":"https:\/\/mabaonline.com\/blog\/los-imanes-madera-la-nevera-imprescindibles\/#primaryimage"},"thumbnailUrl":"https:\/\/mabaonline.com\/blog\/wp-content\/uploads\/2019\/09\/imanes-nombre-publi-1.jpg","datePublished":"2019-09-09T17:18:09+00:00","breadcrumb":{"@id":"https:\/\/mabaonline.com\/blog\/los-imanes-madera-la-nevera-imprescindibles\/#breadcrumb"},"inLanguage":"es","potentialAction":[{"@type":"ReadAction","target":["https:\/\/mabaonline.com\/blog\/los-imanes-madera-la-nevera-imprescindibles\/"]}]},{"@type":"ImageObject","inLanguage":"es","@id":"https:\/\/mabaonline.com\/blog\/los-imanes-madera-la-nevera-imprescindibles\/#primaryimage","url":"https:\/\/mabaonline.com\/blog\/wp-content\/uploads\/2019\/09\/imanes-nombre-publi-1.jpg","contentUrl":"https:\/\/mabaonline.com\/blog\/wp-content\/uploads\/2019\/09\/imanes-nombre-publi-1.jpg","width":1880,"height":1408},{"@type":"BreadcrumbList","@id":"https:\/\/mabaonline.com\/blog\/los-imanes-madera-la-nevera-imprescindibles\/#breadcrumb","itemListElement":[{"@type":"ListItem","position":1,"name":"Portada","item":"https:\/\/mabaonline.com\/blog\/"},{"@type":"ListItem","position":2,"name":"Los imanes en madera de la nevera, \u00bfpor qu\u00e9 son imprescindibles?"}]},{"@type":"WebSite","@id":"https:\/\/mabaonline.com\/blog\/#website","url":"https:\/\/mabaonline.com\/blog\/","name":"Blog Mabaonline","description":"Descubre \u200bt\u200bodas las cajas de madera\u200b, bolas, tiradores y art\u00edculos de madera  \u200bq\u200bue tenemos. \u00a1Crea, personaliza y dale vida a tus ideas!","publisher":{"@id":"https:\/\/mabaonline.com\/blog\/#organization"},"potentialAction":[{"@type":"SearchAction","target":{"@type":"EntryPoint","urlTemplate":"https:\/\/mabaonline.com\/blog\/?s={search_term_string}"},"query-input":{"@type":"PropertyValueSpecification","valueRequired":true,"valueName":"search_term_string"}}],"inLanguage":"es"},{"@type":"Organization","@id":"https:\/\/mabaonline.com\/blog\/#organization","name":"Blog Mabaonline","url":"https:\/\/mabaonline.com\/blog\/","logo":{"@type":"ImageObject","inLanguage":"es","@id":"https:\/\/mabaonline.com\/blog\/#\/schema\/logo\/image\/","url":"https:\/\/mabaonline.com\/blog\/wp-content\/uploads\/2018\/05\/Submarca-tagline-276.png","contentUrl":"https:\/\/mabaonline.com\/blog\/wp-content\/uploads\/2018\/05\/Submarca-tagline-276.png","width":276,"height":276,"caption":"Blog Mabaonline"},"image":{"@id":"https:\/\/mabaonline.com\/blog\/#\/schema\/logo\/image\/"}},{"@type":"Person","@id":"https:\/\/mabaonline.com\/blog\/#\/schema\/person\/2cc643ffa007b11d201fa7df36cdee5d","name":"social","image":{"@type":"ImageObject","inLanguage":"es","@id":"https:\/\/mabaonline.com\/blog\/#\/schema\/person\/image\/","url":"https:\/\/secure.gravatar.com\/avatar\/51646ee17b32f8b6fec6eda15f4674f01730f506c8a2dbe16e25645aef507f2e?s=96&d=mm&r=g","contentUrl":"https:\/\/secure.gravatar.com\/avatar\/51646ee17b32f8b6fec6eda15f4674f01730f506c8a2dbe16e25645aef507f2e?s=96&d=mm&r=g","caption":"social"},"url":"https:\/\/mabaonline.com\/blog\/author\/social\/"}]}},"_links":{"self":[{"href":"https:\/\/mabaonline.com\/blog\/wp-json\/wp\/v2\/posts\/1871","targetHints":{"allow":["GET"]}}],"collection":[{"href":"https:\/\/mabaonline.com\/blog\/wp-json\/wp\/v2\/posts"}],"about":[{"href":"https:\/\/mabaonline.com\/blog\/wp-json\/wp\/v2\/types\/post"}],"author":[{"embeddable":true,"href":"https:\/\/mabaonline.com\/blog\/wp-json\/wp\/v2\/users\/3"}],"replies":[{"embeddable":true,"href":"https:\/\/mabaonline.com\/blog\/wp-json\/wp\/v2\/comments?post=1871"}],"version-history":[{"count":1,"href":"https:\/\/mabaonline.com\/blog\/wp-json\/wp\/v2\/posts\/1871\/revisions"}],"predecessor-version":[{"id":1874,"href":"https:\/\/mabaonline.com\/blog\/wp-json\/wp\/v2\/posts\/1871\/revisions\/1874"}],"wp:featuredmedia":[{"embeddable":true,"href":"https:\/\/mabaonline.com\/blog\/wp-json\/wp\/v2\/media\/1873"}],"wp:attachment":[{"href":"https:\/\/mabaonline.com\/blog\/wp-json\/wp\/v2\/media?parent=1871"}],"wp:term":[{"taxonomy":"category","embeddable":true,"href":"https:\/\/mabaonline.com\/blog\/wp-json\/wp\/v2\/categories?post=1871"},{"taxonomy":"post_tag","embeddable":true,"href":"https:\/\/mabaonline.com\/blog\/wp-json\/wp\/v2\/tags?post=1871"}],"curies":[{"name":"wp","href":"https:\/\/api.w.org\/{rel}","templated":true}]}}