{"id":1079,"date":"2017-02-15T10:29:13","date_gmt":"2017-02-15T10:29:13","guid":{"rendered":"https:\/\/mabaonline.com\/blog\/?p=1079"},"modified":"2017-07-14T14:44:58","modified_gmt":"2017-07-14T14:44:58","slug":"imanes-de-madera-personalizados-con-nombre-o-marca-de-empresa","status":"publish","type":"post","link":"https:\/\/mabaonline.com\/blog\/imanes-de-madera-personalizados-con-nombre-o-marca-de-empresa\/","title":{"rendered":"Imanes de madera personalizados con nombre o marca de empresa"},"content":{"rendered":"<p>Los <strong>imanes<\/strong> llevan a\u00f1os y a\u00f1os entre nosotros, y es uno de esos elementos decorativos que nunca pasan de moda. Imanes los hay de muchos tipos, pero indudablemente son aquellos elaborados en madera los que ofrecen unas mejores prestaciones, no s\u00f3lo por su calidad, sino por su resistencia, durabilidad, elegancia y buenos acabados.<\/p>\n<p><a href=\"https:\/\/mabaonline.com\/blog\/wp-content\/uploads\/2017\/02\/Imanes-de-madera-personalizados-con-nombre-o-marca-de-empresa.jpg\"><img loading=\"lazy\" decoding=\"async\" class=\"alignnone size-medium wp-image-1080\" src=\"https:\/\/mabaonline.com\/blog\/wp-content\/uploads\/2017\/02\/Imanes-de-madera-personalizados-con-nombre-o-marca-de-empresa-200x300.jpg\" alt=\"Imanes de madera personalizados con nombre o marca de empresa\" width=\"200\" height=\"300\" \/><\/a><\/p>\n<p>Pero, \u00bfy si el <strong>im\u00e1n de madera<\/strong> para tu hogar o para regalar pudiera personalizarse con el nombre deseado? En Maba Online te brindamos la posibilidad de adquirir tu im\u00e1n de madera personalizado con tu nombre o el nombre de aquella persona que quieras. Es ideal tanto para decorar tu vivienda como para hacer un regalo diferente, original y especial a un ser querido, ya sea un ni\u00f1o o un adulto.<\/p>\n<p>Nuestros <strong>imanes de madera de alta calidad<\/strong> no s\u00f3lo son ideales para la vivienda, sino que son perfectos para empresas que deseen estampar su logo o marca de empresa. Es un regalo publicitario realmente econ\u00f3mico, interesante, y de buena calidad con el que sus clientes siempre podr\u00e1n tenerle en mente cuando necesiten de sus productos y\/o servicios.<\/p>\n<p>Nuestros imanes tienes unas dimensiones de 5 x 3 cm, y un grosor que alcanza los 3 mm. En Maba Online creemos que los imanes de madera personalizados se presentan como un aliado tanto para <strong>sorprender a los seres queridos<\/strong> como para poder <strong>fidelizar a los clientes<\/strong> potenciales de su negocio o empresa.<\/p>\n<p>Sabemos lo importante que resulta regalar calidad, por este motivo, bien sea para un amigo, un familiar, para sus empleados o para sus clientes, los <strong>imanes de madera personalizados<\/strong> con su nombre, logo o marca de empresa son la soluci\u00f3n perfecta para sorprender a aquellas personas que desees con productos de buena calidad.<\/p>\n<p>Nuestros imanes son muy potentes, garantizando una perfecta fijaci\u00f3n sin caerse. El im\u00e1n se quedar\u00e1 fijo sin moverse. Adem\u00e1s, disponen de <strong>bordes redondeados<\/strong> que garantizan una mayor seguridad, sobre todo cuando hay ni\u00f1os peque\u00f1os que puedan cogerlos en un descuido, por lo que los padres no tendr\u00e1n por lo que preocuparse. La seguridad para nosotros est\u00e1 ante todo.<\/p>\n<p>Un detalle muy original para que seres queridos o clientes puedan decorar su nevera y acordarse de ti siempre que vean su im\u00e1n. Una vez m\u00e1s, la madera abre un amplio mundo de posibilidades, incluso cuando se habla de imanes para la nevera. Si quieres sorprender sin gastar mucho dinero, conf\u00eda en nuestros <strong>imanes de madera<\/strong>.<\/p>\n<p><a href=\"https:\/\/mabaonline.com\/blog\/wp-content\/uploads\/2017\/02\/imanes-nombre-publi.jpg\" target=\"_blank\" rel=\"https:\/\/mabaonline.com\/imanes-nombre-publi-p-438.html noopener\"><img loading=\"lazy\" decoding=\"async\" class=\"alignnone wp-image-1081 size-medium\" src=\"https:\/\/mabaonline.com\/blog\/wp-content\/uploads\/2017\/02\/imanes-nombre-publi-300x224.jpg\" alt=\"imanes-nombre-publi\" width=\"300\" height=\"224\" \/><\/a><\/p>\n","protected":false},"excerpt":{"rendered":"<p>Los imanes llevan a\u00f1os y a\u00f1os entre nosotros, y es uno de esos elementos decorativos que nunca pasan de moda. Imanes los hay de muchos tipos, pero indudablemente son aquellos elaborados en madera los que ofrecen unas mejores prestaciones, no s\u00f3lo por su calidad, sino por su resistencia, durabilidad, elegancia &hellip;<\/p>\n","protected":false},"author":2,"featured_media":1313,"comment_status":"open","ping_status":"open","sticky":false,"template":"","format":"standard","meta":{"footnotes":""},"categories":[2],"tags":[153],"class_list":["post-1079","post","type-post","status-publish","format-standard","has-post-thumbnail","hentry","category-articulos-de-madera","tag-imanes-madera"],"yoast_head":"<!-- This site is optimized with the Yoast SEO plugin v27.0 - https:\/\/yoast.com\/product\/yoast-seo-wordpress\/ -->\n<title>Imanes de madera personalizados con nombre o marca de empresa - Blog Mabaonline<\/title>\n<meta name=\"robots\" content=\"index, follow, max-snippet:-1, max-image-preview:large, max-video-preview:-1\" \/>\n<link rel=\"canonical\" href=\"https:\/\/mabaonline.com\/blog\/imanes-de-madera-personalizados-con-nombre-o-marca-de-empresa\/\" \/>\n<meta property=\"og:locale\" content=\"es_ES\" \/>\n<meta property=\"og:type\" content=\"article\" \/>\n<meta property=\"og:title\" content=\"Imanes de madera personalizados con nombre o marca de empresa - Blog Mabaonline\" \/>\n<meta property=\"og:description\" content=\"Los imanes llevan a\u00f1os y a\u00f1os entre nosotros, y es uno de esos elementos decorativos que nunca pasan de moda. Imanes los hay de muchos tipos, pero indudablemente son aquellos elaborados en madera los que ofrecen unas mejores prestaciones, no s\u00f3lo por su calidad, sino por su resistencia, durabilidad, elegancia &hellip;\" \/>\n<meta property=\"og:url\" content=\"https:\/\/mabaonline.com\/blog\/imanes-de-madera-personalizados-con-nombre-o-marca-de-empresa\/\" \/>\n<meta property=\"og:site_name\" content=\"Blog Mabaonline\" \/>\n<meta property=\"article:published_time\" content=\"2017-02-15T10:29:13+00:00\" \/>\n<meta property=\"article:modified_time\" content=\"2017-07-14T14:44:58+00:00\" \/>\n<meta property=\"og:image\" content=\"https:\/\/mabaonline.com\/blog\/wp-content\/uploads\/2017\/02\/imanes-nombre-publi-1.jpg\" \/>\n\t<meta property=\"og:image:width\" content=\"1880\" \/>\n\t<meta property=\"og:image:height\" content=\"1408\" \/>\n\t<meta property=\"og:image:type\" content=\"image\/jpeg\" \/>\n<meta name=\"author\" content=\"Mabaonline\" \/>\n<meta name=\"twitter:card\" content=\"summary_large_image\" \/>\n<meta name=\"twitter:label1\" content=\"Escrito por\" \/>\n\t<meta name=\"twitter:data1\" content=\"Mabaonline\" \/>\n\t<meta name=\"twitter:label2\" content=\"Tiempo de lectura\" \/>\n\t<meta name=\"twitter:data2\" content=\"2 minutos\" \/>\n<script type=\"application\/ld+json\" class=\"yoast-schema-graph\">{\"@context\":\"https:\/\/schema.org\",\"@graph\":[{\"@type\":\"Article\",\"@id\":\"https:\/\/mabaonline.com\/blog\/imanes-de-madera-personalizados-con-nombre-o-marca-de-empresa\/#article\",\"isPartOf\":{\"@id\":\"https:\/\/mabaonline.com\/blog\/imanes-de-madera-personalizados-con-nombre-o-marca-de-empresa\/\"},\"author\":{\"name\":\"Mabaonline\",\"@id\":\"https:\/\/mabaonline.com\/blog\/#\/schema\/person\/bef21b01e70a1a3e7c74e5b94162adc6\"},\"headline\":\"Imanes de madera personalizados con nombre o marca de empresa\",\"datePublished\":\"2017-02-15T10:29:13+00:00\",\"dateModified\":\"2017-07-14T14:44:58+00:00\",\"mainEntityOfPage\":{\"@id\":\"https:\/\/mabaonline.com\/blog\/imanes-de-madera-personalizados-con-nombre-o-marca-de-empresa\/\"},\"wordCount\":428,\"commentCount\":0,\"publisher\":{\"@id\":\"https:\/\/mabaonline.com\/blog\/#organization\"},\"image\":{\"@id\":\"https:\/\/mabaonline.com\/blog\/imanes-de-madera-personalizados-con-nombre-o-marca-de-empresa\/#primaryimage\"},\"thumbnailUrl\":\"https:\/\/mabaonline.com\/blog\/wp-content\/uploads\/2017\/02\/imanes-nombre-publi-1.jpg\",\"keywords\":[\"Imanes madera\"],\"articleSection\":[\"Art\u00edculos de madera\"],\"inLanguage\":\"es\",\"potentialAction\":[{\"@type\":\"CommentAction\",\"name\":\"Comment\",\"target\":[\"https:\/\/mabaonline.com\/blog\/imanes-de-madera-personalizados-con-nombre-o-marca-de-empresa\/#respond\"]}]},{\"@type\":\"WebPage\",\"@id\":\"https:\/\/mabaonline.com\/blog\/imanes-de-madera-personalizados-con-nombre-o-marca-de-empresa\/\",\"url\":\"https:\/\/mabaonline.com\/blog\/imanes-de-madera-personalizados-con-nombre-o-marca-de-empresa\/\",\"name\":\"Imanes de madera personalizados con nombre o marca de empresa - Blog Mabaonline\",\"isPartOf\":{\"@id\":\"https:\/\/mabaonline.com\/blog\/#website\"},\"primaryImageOfPage\":{\"@id\":\"https:\/\/mabaonline.com\/blog\/imanes-de-madera-personalizados-con-nombre-o-marca-de-empresa\/#primaryimage\"},\"image\":{\"@id\":\"https:\/\/mabaonline.com\/blog\/imanes-de-madera-personalizados-con-nombre-o-marca-de-empresa\/#primaryimage\"},\"thumbnailUrl\":\"https:\/\/mabaonline.com\/blog\/wp-content\/uploads\/2017\/02\/imanes-nombre-publi-1.jpg\",\"datePublished\":\"2017-02-15T10:29:13+00:00\",\"dateModified\":\"2017-07-14T14:44:58+00:00\",\"breadcrumb\":{\"@id\":\"https:\/\/mabaonline.com\/blog\/imanes-de-madera-personalizados-con-nombre-o-marca-de-empresa\/#breadcrumb\"},\"inLanguage\":\"es\",\"potentialAction\":[{\"@type\":\"ReadAction\",\"target\":[\"https:\/\/mabaonline.com\/blog\/imanes-de-madera-personalizados-con-nombre-o-marca-de-empresa\/\"]}]},{\"@type\":\"ImageObject\",\"inLanguage\":\"es\",\"@id\":\"https:\/\/mabaonline.com\/blog\/imanes-de-madera-personalizados-con-nombre-o-marca-de-empresa\/#primaryimage\",\"url\":\"https:\/\/mabaonline.com\/blog\/wp-content\/uploads\/2017\/02\/imanes-nombre-publi-1.jpg\",\"contentUrl\":\"https:\/\/mabaonline.com\/blog\/wp-content\/uploads\/2017\/02\/imanes-nombre-publi-1.jpg\",\"width\":1880,\"height\":1408},{\"@type\":\"BreadcrumbList\",\"@id\":\"https:\/\/mabaonline.com\/blog\/imanes-de-madera-personalizados-con-nombre-o-marca-de-empresa\/#breadcrumb\",\"itemListElement\":[{\"@type\":\"ListItem\",\"position\":1,\"name\":\"Portada\",\"item\":\"https:\/\/mabaonline.com\/blog\/\"},{\"@type\":\"ListItem\",\"position\":2,\"name\":\"Imanes de madera personalizados con nombre o marca de empresa\"}]},{\"@type\":\"WebSite\",\"@id\":\"https:\/\/mabaonline.com\/blog\/#website\",\"url\":\"https:\/\/mabaonline.com\/blog\/\",\"name\":\"Blog Mabaonline\",\"description\":\"Descubre \u200bt\u200bodas las cajas de madera\u200b, bolas, tiradores y art\u00edculos de madera  \u200bq\u200bue tenemos. \u00a1Crea, personaliza y dale vida a tus ideas!\",\"publisher\":{\"@id\":\"https:\/\/mabaonline.com\/blog\/#organization\"},\"potentialAction\":[{\"@type\":\"SearchAction\",\"target\":{\"@type\":\"EntryPoint\",\"urlTemplate\":\"https:\/\/mabaonline.com\/blog\/?s={search_term_string}\"},\"query-input\":{\"@type\":\"PropertyValueSpecification\",\"valueRequired\":true,\"valueName\":\"search_term_string\"}}],\"inLanguage\":\"es\"},{\"@type\":\"Organization\",\"@id\":\"https:\/\/mabaonline.com\/blog\/#organization\",\"name\":\"Blog Mabaonline\",\"url\":\"https:\/\/mabaonline.com\/blog\/\",\"logo\":{\"@type\":\"ImageObject\",\"inLanguage\":\"es\",\"@id\":\"https:\/\/mabaonline.com\/blog\/#\/schema\/logo\/image\/\",\"url\":\"https:\/\/mabaonline.com\/blog\/wp-content\/uploads\/2018\/05\/Submarca-tagline-276.png\",\"contentUrl\":\"https:\/\/mabaonline.com\/blog\/wp-content\/uploads\/2018\/05\/Submarca-tagline-276.png\",\"width\":276,\"height\":276,\"caption\":\"Blog Mabaonline\"},\"image\":{\"@id\":\"https:\/\/mabaonline.com\/blog\/#\/schema\/logo\/image\/\"}},{\"@type\":\"Person\",\"@id\":\"https:\/\/mabaonline.com\/blog\/#\/schema\/person\/bef21b01e70a1a3e7c74e5b94162adc6\",\"name\":\"Mabaonline\",\"image\":{\"@type\":\"ImageObject\",\"inLanguage\":\"es\",\"@id\":\"https:\/\/mabaonline.com\/blog\/#\/schema\/person\/image\/\",\"url\":\"https:\/\/secure.gravatar.com\/avatar\/8d5186df1e2ff9e99ccded8a725c42dd27df4f7767e6ed4ba8d825d346df6a66?s=96&d=mm&r=g\",\"contentUrl\":\"https:\/\/secure.gravatar.com\/avatar\/8d5186df1e2ff9e99ccded8a725c42dd27df4f7767e6ed4ba8d825d346df6a66?s=96&d=mm&r=g\",\"caption\":\"Mabaonline\"},\"url\":\"https:\/\/mabaonline.com\/blog\/author\/mabaonline\/\"}]}<\/script>\n<!-- \/ Yoast SEO plugin. -->","yoast_head_json":{"title":"Imanes de madera personalizados con nombre o marca de empresa - Blog Mabaonline","robots":{"index":"index","follow":"follow","max-snippet":"max-snippet:-1","max-image-preview":"max-image-preview:large","max-video-preview":"max-video-preview:-1"},"canonical":"https:\/\/mabaonline.com\/blog\/imanes-de-madera-personalizados-con-nombre-o-marca-de-empresa\/","og_locale":"es_ES","og_type":"article","og_title":"Imanes de madera personalizados con nombre o marca de empresa - Blog Mabaonline","og_description":"Los imanes llevan a\u00f1os y a\u00f1os entre nosotros, y es uno de esos elementos decorativos que nunca pasan de moda. Imanes los hay de muchos tipos, pero indudablemente son aquellos elaborados en madera los que ofrecen unas mejores prestaciones, no s\u00f3lo por su calidad, sino por su resistencia, durabilidad, elegancia &hellip;","og_url":"https:\/\/mabaonline.com\/blog\/imanes-de-madera-personalizados-con-nombre-o-marca-de-empresa\/","og_site_name":"Blog Mabaonline","article_published_time":"2017-02-15T10:29:13+00:00","article_modified_time":"2017-07-14T14:44:58+00:00","og_image":[{"width":1880,"height":1408,"url":"https:\/\/mabaonline.com\/blog\/wp-content\/uploads\/2017\/02\/imanes-nombre-publi-1.jpg","type":"image\/jpeg"}],"author":"Mabaonline","twitter_card":"summary_large_image","twitter_misc":{"Escrito por":"Mabaonline","Tiempo de lectura":"2 minutos"},"schema":{"@context":"https:\/\/schema.org","@graph":[{"@type":"Article","@id":"https:\/\/mabaonline.com\/blog\/imanes-de-madera-personalizados-con-nombre-o-marca-de-empresa\/#article","isPartOf":{"@id":"https:\/\/mabaonline.com\/blog\/imanes-de-madera-personalizados-con-nombre-o-marca-de-empresa\/"},"author":{"name":"Mabaonline","@id":"https:\/\/mabaonline.com\/blog\/#\/schema\/person\/bef21b01e70a1a3e7c74e5b94162adc6"},"headline":"Imanes de madera personalizados con nombre o marca de empresa","datePublished":"2017-02-15T10:29:13+00:00","dateModified":"2017-07-14T14:44:58+00:00","mainEntityOfPage":{"@id":"https:\/\/mabaonline.com\/blog\/imanes-de-madera-personalizados-con-nombre-o-marca-de-empresa\/"},"wordCount":428,"commentCount":0,"publisher":{"@id":"https:\/\/mabaonline.com\/blog\/#organization"},"image":{"@id":"https:\/\/mabaonline.com\/blog\/imanes-de-madera-personalizados-con-nombre-o-marca-de-empresa\/#primaryimage"},"thumbnailUrl":"https:\/\/mabaonline.com\/blog\/wp-content\/uploads\/2017\/02\/imanes-nombre-publi-1.jpg","keywords":["Imanes madera"],"articleSection":["Art\u00edculos de madera"],"inLanguage":"es","potentialAction":[{"@type":"CommentAction","name":"Comment","target":["https:\/\/mabaonline.com\/blog\/imanes-de-madera-personalizados-con-nombre-o-marca-de-empresa\/#respond"]}]},{"@type":"WebPage","@id":"https:\/\/mabaonline.com\/blog\/imanes-de-madera-personalizados-con-nombre-o-marca-de-empresa\/","url":"https:\/\/mabaonline.com\/blog\/imanes-de-madera-personalizados-con-nombre-o-marca-de-empresa\/","name":"Imanes de madera personalizados con nombre o marca de empresa - Blog Mabaonline","isPartOf":{"@id":"https:\/\/mabaonline.com\/blog\/#website"},"primaryImageOfPage":{"@id":"https:\/\/mabaonline.com\/blog\/imanes-de-madera-personalizados-con-nombre-o-marca-de-empresa\/#primaryimage"},"image":{"@id":"https:\/\/mabaonline.com\/blog\/imanes-de-madera-personalizados-con-nombre-o-marca-de-empresa\/#primaryimage"},"thumbnailUrl":"https:\/\/mabaonline.com\/blog\/wp-content\/uploads\/2017\/02\/imanes-nombre-publi-1.jpg","datePublished":"2017-02-15T10:29:13+00:00","dateModified":"2017-07-14T14:44:58+00:00","breadcrumb":{"@id":"https:\/\/mabaonline.com\/blog\/imanes-de-madera-personalizados-con-nombre-o-marca-de-empresa\/#breadcrumb"},"inLanguage":"es","potentialAction":[{"@type":"ReadAction","target":["https:\/\/mabaonline.com\/blog\/imanes-de-madera-personalizados-con-nombre-o-marca-de-empresa\/"]}]},{"@type":"ImageObject","inLanguage":"es","@id":"https:\/\/mabaonline.com\/blog\/imanes-de-madera-personalizados-con-nombre-o-marca-de-empresa\/#primaryimage","url":"https:\/\/mabaonline.com\/blog\/wp-content\/uploads\/2017\/02\/imanes-nombre-publi-1.jpg","contentUrl":"https:\/\/mabaonline.com\/blog\/wp-content\/uploads\/2017\/02\/imanes-nombre-publi-1.jpg","width":1880,"height":1408},{"@type":"BreadcrumbList","@id":"https:\/\/mabaonline.com\/blog\/imanes-de-madera-personalizados-con-nombre-o-marca-de-empresa\/#breadcrumb","itemListElement":[{"@type":"ListItem","position":1,"name":"Portada","item":"https:\/\/mabaonline.com\/blog\/"},{"@type":"ListItem","position":2,"name":"Imanes de madera personalizados con nombre o marca de empresa"}]},{"@type":"WebSite","@id":"https:\/\/mabaonline.com\/blog\/#website","url":"https:\/\/mabaonline.com\/blog\/","name":"Blog Mabaonline","description":"Descubre \u200bt\u200bodas las cajas de madera\u200b, bolas, tiradores y art\u00edculos de madera  \u200bq\u200bue tenemos. \u00a1Crea, personaliza y dale vida a tus ideas!","publisher":{"@id":"https:\/\/mabaonline.com\/blog\/#organization"},"potentialAction":[{"@type":"SearchAction","target":{"@type":"EntryPoint","urlTemplate":"https:\/\/mabaonline.com\/blog\/?s={search_term_string}"},"query-input":{"@type":"PropertyValueSpecification","valueRequired":true,"valueName":"search_term_string"}}],"inLanguage":"es"},{"@type":"Organization","@id":"https:\/\/mabaonline.com\/blog\/#organization","name":"Blog Mabaonline","url":"https:\/\/mabaonline.com\/blog\/","logo":{"@type":"ImageObject","inLanguage":"es","@id":"https:\/\/mabaonline.com\/blog\/#\/schema\/logo\/image\/","url":"https:\/\/mabaonline.com\/blog\/wp-content\/uploads\/2018\/05\/Submarca-tagline-276.png","contentUrl":"https:\/\/mabaonline.com\/blog\/wp-content\/uploads\/2018\/05\/Submarca-tagline-276.png","width":276,"height":276,"caption":"Blog Mabaonline"},"image":{"@id":"https:\/\/mabaonline.com\/blog\/#\/schema\/logo\/image\/"}},{"@type":"Person","@id":"https:\/\/mabaonline.com\/blog\/#\/schema\/person\/bef21b01e70a1a3e7c74e5b94162adc6","name":"Mabaonline","image":{"@type":"ImageObject","inLanguage":"es","@id":"https:\/\/mabaonline.com\/blog\/#\/schema\/person\/image\/","url":"https:\/\/secure.gravatar.com\/avatar\/8d5186df1e2ff9e99ccded8a725c42dd27df4f7767e6ed4ba8d825d346df6a66?s=96&d=mm&r=g","contentUrl":"https:\/\/secure.gravatar.com\/avatar\/8d5186df1e2ff9e99ccded8a725c42dd27df4f7767e6ed4ba8d825d346df6a66?s=96&d=mm&r=g","caption":"Mabaonline"},"url":"https:\/\/mabaonline.com\/blog\/author\/mabaonline\/"}]}},"_links":{"self":[{"href":"https:\/\/mabaonline.com\/blog\/wp-json\/wp\/v2\/posts\/1079","targetHints":{"allow":["GET"]}}],"collection":[{"href":"https:\/\/mabaonline.com\/blog\/wp-json\/wp\/v2\/posts"}],"about":[{"href":"https:\/\/mabaonline.com\/blog\/wp-json\/wp\/v2\/types\/post"}],"author":[{"embeddable":true,"href":"https:\/\/mabaonline.com\/blog\/wp-json\/wp\/v2\/users\/2"}],"replies":[{"embeddable":true,"href":"https:\/\/mabaonline.com\/blog\/wp-json\/wp\/v2\/comments?post=1079"}],"version-history":[{"count":1,"href":"https:\/\/mabaonline.com\/blog\/wp-json\/wp\/v2\/posts\/1079\/revisions"}],"predecessor-version":[{"id":1314,"href":"https:\/\/mabaonline.com\/blog\/wp-json\/wp\/v2\/posts\/1079\/revisions\/1314"}],"wp:featuredmedia":[{"embeddable":true,"href":"https:\/\/mabaonline.com\/blog\/wp-json\/wp\/v2\/media\/1313"}],"wp:attachment":[{"href":"https:\/\/mabaonline.com\/blog\/wp-json\/wp\/v2\/media?parent=1079"}],"wp:term":[{"taxonomy":"category","embeddable":true,"href":"https:\/\/mabaonline.com\/blog\/wp-json\/wp\/v2\/categories?post=1079"},{"taxonomy":"post_tag","embeddable":true,"href":"https:\/\/mabaonline.com\/blog\/wp-json\/wp\/v2\/tags?post=1079"}],"curies":[{"name":"wp","href":"https:\/\/api.w.org\/{rel}","templated":true}]}}